{"id":3871,"date":"2024-12-01T13:32:35","date_gmt":"2024-12-01T12:32:35","guid":{"rendered":"https:\/\/cidrekernebzh.monsiteroquette.com\/nos-paniers-garnis-fetes-3871-z\/"},"modified":"2024-12-16T11:04:00","modified_gmt":"2024-12-16T10:04:00","slug":"nos-paniers-garnis-fetes","status":"publish","type":"post","link":"https:\/\/www.cidre-kerne.bzh\/en\/nos-paniers-garnis-fetes\/","title":{"rendered":"Nos Paniers Garnis pour les f\u00eates !"},"content":{"rendered":"<h2>D\u00e9couvrez notre s\u00e9lection de paniers garnis pour les f\u00eates de fin d&#8217;ann\u00e9e.<\/h2>\n<p><strong>Les f\u00eates approchent<\/strong> ! Que vous soyez un particulier, une entreprise ou encore une collectivit\u00e9, vous \u00eates \u00e0 la recherche d&#8217;<strong>id\u00e9es cadeaux<\/strong> pour vos proches ou pour vos collaborateurs ? La <strong>boutique de la cidrerie Kern\u00e9<\/strong> vous propose une<strong> s\u00e9lection de paniers garnis<\/strong> compos\u00e9s de cidre, jus de pomme et produits du terroir.<\/p>\n<p>D\u00e9couvrez ou red\u00e9couvrez nos marques partenaires pr\u00e9sentes toute l&#8217;ann\u00e9e \u00e0 la boutique dans ces <strong>paniers garnis<\/strong> : <a href=\"https:\/\/www.henaff.com\/\">H\u00e9naff<\/a>, <a href=\"https:\/\/www.facebook.com\/legouterbigouden\/\">le Go\u00fbter Bigouden<\/a>, les chocolats de <a href=\"http:\/\/www.criollo.fr\/\">Patrick Robinet<\/a>, <a href=\"https:\/\/www.mimi-confitures.com\/\">Mimi Confitures<\/a> ou encore <a href=\"https:\/\/www.lacompagniebretonne.fr\/\">La Compagnie Bretonne<\/a>, &#8230;<\/p>\n<p>Nous vous proposons une <a href=\"https:\/\/www.cidre-kerne.bzh\/wp-content\/uploads\/2024\/10\/CATALOGUE-PANIERS-GARNIS-KERNE-2024-1.pdf\">s\u00e9rie de coffrets pr\u00e9-con\u00e7us<\/a> \u00e0 diff\u00e9rents budgets mais vous pouvez, bien entendu, composer votre panier sur mesure selon vos pr\u00e9f\u00e9rences, \u00e0 retirer directement dans la <strong>boutique de la cidrerie \u00e0 Pouldreuzic<\/strong>, vous y trouverez aussi d&#8217;autres <strong>id\u00e9es cadeaux<\/strong>. Pour cela n&#8217;h\u00e9sitez pas \u00e0 nous contacter directement par mail \u00e0 <a href=\"mailto:boutique@cidre-kerne.fr\">boutique@cidre-kerne.fr<\/a><\/p>\n<h3 style=\"text-align: center\"><a href=\"https:\/\/www.cidre-kerne.bzh\/wp-content\/uploads\/2024\/10\/CATALOGUE-PANIERS-GARNIS-KERNE-2024-1.pdf\">Voir le catalogue des paniers garnis<\/a><\/h3>\n<p style=\"text-align: center\"><strong>Nos tarifs sont indiqu\u00e9s toutes taxes comprises. Tarifs enlev\u00e9s \u00e0 la boutique de Pouldreuzic. Pas de livraison possible.<\/strong><\/p>\n","protected":false},"excerpt":{"rendered":"<p>D\u00e9couvrez notre s\u00e9lection de paniers garnis pour les f\u00eates de fin d&#8217;ann\u00e9e. Les f\u00eates approchent ! Que vous soyez un particulier, une entreprise ou encore une collectivit\u00e9, vous \u00eates \u00e0 la recherche d&#8217;id\u00e9es cadeaux pour vos proches ou pour vos collaborateurs ? La boutique de la cidrerie Kern\u00e9 vous propose une s\u00e9lection de paniers garnis [&hellip;]<\/p>\n","protected":false},"author":2,"featured_media":4228,"comment_status":"closed","ping_status":"closed","sticky":false,"template":"","format":"standard","meta":{"_acf_changed":false,"_seopress_robots_primary_cat":"none","_seopress_titles_title":"","_seopress_titles_desc":"","_seopress_robots_index":"","footnotes":""},"categories":[1],"tags":[],"class_list":["post-3871","post","type-post","status-publish","format-standard","has-post-thumbnail","hentry","category-actualites"],"acf":[],"_links":{"self":[{"href":"https:\/\/www.cidre-kerne.bzh\/en\/wp-json\/wp\/v2\/posts\/3871","targetHints":{"allow":["GET"]}}],"collection":[{"href":"https:\/\/www.cidre-kerne.bzh\/en\/wp-json\/wp\/v2\/posts"}],"about":[{"href":"https:\/\/www.cidre-kerne.bzh\/en\/wp-json\/wp\/v2\/types\/post"}],"author":[{"embeddable":true,"href":"https:\/\/www.cidre-kerne.bzh\/en\/wp-json\/wp\/v2\/users\/2"}],"replies":[{"embeddable":true,"href":"https:\/\/www.cidre-kerne.bzh\/en\/wp-json\/wp\/v2\/comments?post=3871"}],"version-history":[{"count":0,"href":"https:\/\/www.cidre-kerne.bzh\/en\/wp-json\/wp\/v2\/posts\/3871\/revisions"}],"wp:featuredmedia":[{"embeddable":true,"href":"https:\/\/www.cidre-kerne.bzh\/en\/wp-json\/wp\/v2\/media\/4228"}],"wp:attachment":[{"href":"https:\/\/www.cidre-kerne.bzh\/en\/wp-json\/wp\/v2\/media?parent=3871"}],"wp:term":[{"taxonomy":"category","embeddable":true,"href":"https:\/\/www.cidre-kerne.bzh\/en\/wp-json\/wp\/v2\/categories?post=3871"},{"taxonomy":"post_tag","embeddable":true,"href":"https:\/\/www.cidre-kerne.bzh\/en\/wp-json\/wp\/v2\/tags?post=3871"}],"curies":[{"name":"wp","href":"https:\/\/api.w.org\/{rel}","templated":true}]}}