{"id":11860,"date":"2026-01-22T16:36:22","date_gmt":"2026-01-22T15:36:22","guid":{"rendered":"https:\/\/www.cidre-kerne.bzh\/?p=11860"},"modified":"2026-03-02T15:40:54","modified_gmt":"2026-03-02T14:40:54","slug":"keltys-devient-kerne-bio-meme-savoir-faire-nouvelle-identite","status":"publish","type":"post","link":"https:\/\/www.cidre-kerne.bzh\/en\/keltys-devient-kerne-bio-meme-savoir-faire-nouvelle-identite\/","title":{"rendered":"Keltys devient Kern\u00e9 BIO : m\u00eame savoir-faire, nouvelle identit\u00e9"},"content":{"rendered":"<div class=\"x11i5rnm xat24cr x1mh8g0r x1vvkbs xdj266r x126k92a\">\n<div dir=\"auto\">\n<table role=\"presentation\" border=\"0\" width=\"100%\" cellspacing=\"0\" cellpadding=\"0\">\n<tbody>\n<tr>\n<td class=\"r18-c\" align=\"left\">\u00a0<\/td>\n<\/tr>\n<\/tbody>\n<\/table>\n<p>Depuis ses d\u00e9buts, la gamme Keltys a su s\u00e9duire les amateurs de cidres et jus de pomme biologiques gr\u00e2ce \u00e0 son authenticit\u00e9, son go\u00fbt franc et son ancrage artisanal. Aujourd\u2019hui, cette gamme \u00e9volue pour mieux refl\u00e9ter nos engagements et notre identit\u00e9. <strong>Keltys devient Kern\u00e9 BIO<\/strong>.<\/p>\n<\/div>\n<\/div>\n<h3>Pourquoi ce changement de nom ?<\/h3>\n<p>Ce rebranding marque une volont\u00e9 forte : <strong>valoriser notre engagement en faveur de l\u2019agriculture biologique<\/strong> tout en renfor\u00e7ant la coh\u00e9rence de notre marque. En adoptant le nom <a href=\"https:\/\/www.cidre-kerne.bzh\/produit\/cidre-keltys-bio\/\"><strong>Kern\u00e9 BIO<\/strong><\/a>, nous rapprochons nos produits bio du c\u0153ur de notre identit\u00e9, celle de la Cidrerie Kern\u00e9, install\u00e9e \u00e0 Pouldreuzic en Bretagne depuis 1947.<\/p>\n<p>Cette \u00e9volution rend plus lisible notre offre tout en affirmant nos valeurs : un ancrage local fort, un savoir-faire familial, et un respect profond de la nature et des saisons.<\/p>\n<h3><strong>Ce qui change (et ce qui reste inchang\u00e9)<\/strong><\/h3>\n<p data-start=\"1102\" data-end=\"1253\">Seuls le <strong data-start=\"1111\" data-end=\"1118\">nom<\/strong> et l\u2019<strong data-start=\"1124\" data-end=\"1152\">habillage des bouteilles<\/strong> changent. La qualit\u00e9, elle, reste exactement la m\u00eame. Nos cidres et jus de pomme bio sont toujours :<\/p>\n<ul data-start=\"1254\" data-end=\"1494\">\n<li data-start=\"1254\" data-end=\"1328\">\n<p data-start=\"1256\" data-end=\"1328\">\u00c9labor\u00e9s \u00e0 partir de <strong data-start=\"1277\" data-end=\"1328\">pommes 100 % issues de l\u2019agriculture biologique<\/strong><\/p>\n<\/li>\n<li data-start=\"1329\" data-end=\"1426\">\n<p data-start=\"1331\" data-end=\"1426\">Fabriqu\u00e9s selon une <strong data-start=\"1351\" data-end=\"1373\">m\u00e9thode artisanale<\/strong>, dans le respect des traditions cidricoles bretonnes<\/p>\n<\/li>\n<li data-start=\"1427\" data-end=\"1494\">\n<p data-start=\"1429\" data-end=\"1494\">Sans ajouts superflus, pour <strong data-start=\"1457\" data-end=\"1494\">pr\u00e9server l\u2019authenticit\u00e9 du fruit<\/strong><\/p>\n<\/li>\n<\/ul>\n<h3><strong>Une nouvelle \u00e9tiquette, plus claire, plus engag\u00e9e<\/strong><\/h3>\n<p data-start=\"802\" data-end=\"1083\">La nouvelle identit\u00e9 visuelle de Kern\u00e9 BIO a \u00e9t\u00e9 pens\u00e9e pour refl\u00e9ter nos engagements et assurer une meilleure visibilit\u00e9 en boutique. Elle conserve l\u2019esprit chaleureux de Keltys tout en affirmant un lien fort avec notre marque principale.<\/p>\n<h3><strong>Une transition en douceur pour les amateurs de bio<\/strong><\/h3>\n<p data-start=\"0\" data-end=\"172\">Les r\u00e9f\u00e9rences que vous aimiez sous le nom Keltys restent disponibles sous leur nouvelle \u00e9tiquette <a href=\"https:\/\/www.cidre-kerne.bzh\/produit\/jus-de-pomme-keltys\/\"><strong data-start=\"1947\" data-end=\"1960\">Kern\u00e9 BIO<\/strong><\/a>. Cette transition est pens\u00e9e pour \u00eatre fluide, sans impact pour les consommateurs, tout en affirmant un message clair : <strong data-start=\"2081\" data-end=\"2129\">le bio fait pleinement partie de l\u2019ADN Kern\u00e9<\/strong>.<\/p>\n<p data-start=\"174\" data-end=\"304\" data-is-last-node=\"\" data-is-only-node=\"\">\ud83d\udccd <em data-start=\"2140\" data-end=\"2249\">Retrouvez la gamme Kern\u00e9 BIO dans notre <a href=\"https:\/\/www.cidre-kerne.bzh\/boutique-et-animations\/\">boutique de Pouldreuzic<\/a> et chez nos <a href=\"https:\/\/www.cidre-kerne.bzh\/revendeurs\/\">partenaires revendeurs<\/a>.<\/em><br data-start=\"2249\" data-end=\"2252\" \/>\ud83c\udf4e <em data-start=\"2255\" data-end=\"2362\">Une nouvelle \u00e9tiquette, mais toujours le go\u00fbt vrai de nos pommes bio, press\u00e9es avec soin et savoir-faire.<\/em><\/p>\n\n\n<p><\/p>\n","protected":false},"excerpt":{"rendered":"<p>\u00a0 Depuis ses d\u00e9buts, la gamme Keltys a su s\u00e9duire les amateurs de cidres et jus de pomme biologiques gr\u00e2ce \u00e0 son authenticit\u00e9, son go\u00fbt franc et son ancrage artisanal. Aujourd\u2019hui, cette gamme \u00e9volue pour mieux refl\u00e9ter nos engagements et notre identit\u00e9. Keltys devient Kern\u00e9 BIO. Pourquoi ce changement de nom ? Ce rebranding marque [&hellip;]<\/p>\n","protected":false},"author":2,"featured_media":11861,"comment_status":"closed","ping_status":"closed","sticky":false,"template":"","format":"standard","meta":{"_acf_changed":false,"_seopress_robots_primary_cat":"none","_seopress_titles_title":"Keltys devient Kern\u00e9 BIO : m\u00eame savoir-faire, nouvelle identit\u00e9","_seopress_titles_desc":"Keltys devient Kern\u00e9 BIO : m\u00eame recette artisanale, nouvelle identit\u00e9 pour nos cidres et jus de pomme bio, fid\u00e8les \u00e0 l\u2019engagement de la Cidrerie Kern\u00e9.","_seopress_robots_index":"","footnotes":""},"categories":[1],"tags":[],"class_list":["post-11860","post","type-post","status-publish","format-standard","has-post-thumbnail","hentry","category-actualites"],"acf":[],"_links":{"self":[{"href":"https:\/\/www.cidre-kerne.bzh\/en\/wp-json\/wp\/v2\/posts\/11860","targetHints":{"allow":["GET"]}}],"collection":[{"href":"https:\/\/www.cidre-kerne.bzh\/en\/wp-json\/wp\/v2\/posts"}],"about":[{"href":"https:\/\/www.cidre-kerne.bzh\/en\/wp-json\/wp\/v2\/types\/post"}],"author":[{"embeddable":true,"href":"https:\/\/www.cidre-kerne.bzh\/en\/wp-json\/wp\/v2\/users\/2"}],"replies":[{"embeddable":true,"href":"https:\/\/www.cidre-kerne.bzh\/en\/wp-json\/wp\/v2\/comments?post=11860"}],"version-history":[{"count":1,"href":"https:\/\/www.cidre-kerne.bzh\/en\/wp-json\/wp\/v2\/posts\/11860\/revisions"}],"predecessor-version":[{"id":12376,"href":"https:\/\/www.cidre-kerne.bzh\/en\/wp-json\/wp\/v2\/posts\/11860\/revisions\/12376"}],"wp:featuredmedia":[{"embeddable":true,"href":"https:\/\/www.cidre-kerne.bzh\/en\/wp-json\/wp\/v2\/media\/11861"}],"wp:attachment":[{"href":"https:\/\/www.cidre-kerne.bzh\/en\/wp-json\/wp\/v2\/media?parent=11860"}],"wp:term":[{"taxonomy":"category","embeddable":true,"href":"https:\/\/www.cidre-kerne.bzh\/en\/wp-json\/wp\/v2\/categories?post=11860"},{"taxonomy":"post_tag","embeddable":true,"href":"https:\/\/www.cidre-kerne.bzh\/en\/wp-json\/wp\/v2\/tags?post=11860"}],"curies":[{"name":"wp","href":"https:\/\/api.w.org\/{rel}","templated":true}]}}